{"id":721,"date":"2021-10-14T08:32:03","date_gmt":"2021-10-14T08:32:03","guid":{"rendered":"https:\/\/startersites.io\/blocksy\/justice\/?p=1"},"modified":"2025-11-11T19:30:28","modified_gmt":"2025-11-11T18:30:28","slug":"hello-world","status":"publish","type":"post","link":"https:\/\/legal.ceipla.org\/index.php\/2021\/10\/14\/hello-world\/","title":{"rendered":"La fuerza del trabajo en equipo legal: abogadas que inspiran confianza"},"content":{"rendered":"\n<p>En el mundo del derecho, la colaboraci\u00f3n es mucho m\u00e1s que una estrategia: es una fortaleza. Las decisiones importantes no se toman en soledad, y los mejores resultados surgen cuando la experiencia y la empat\u00eda se unen con un prop\u00f3sito com\u00fan: <strong>defender la justicia y proteger los derechos de cada persona.<\/strong><\/p>\n\n\n\n<p>En CEIPLA Legal valoramos el trabajo en equipo como el pilar de nuestro \u00e9xito. Nuestras abogadas y abogados comparten conocimientos, debaten estrategias y construyen soluciones personalizadas para cada caso, ya sea en el \u00e1mbito civil, familiar, corporativo o penal. La uni\u00f3n de distintas perspectivas profesionales permite encontrar caminos m\u00e1s eficientes y humanos hacia la resoluci\u00f3n de conflictos.<\/p>\n\n\n\n<p>Estas alianzas internas no solo fortalecen nuestra pr\u00e1ctica, sino que generan un impacto directo en nuestros clientes, quienes encuentran en nosotros <strong>un equipo comprometido, confiable y siempre disponible para escuchar y actuar.<\/strong><\/p>\n\n\n\n<p>Porque cada caso tiene un rostro y una historia detr\u00e1s, y cada historia merece ser atendida con respeto, experiencia y trabajo conjunto.<br>\ud83d\udce9 <strong>Cont\u00e1ctanos y descubre c\u00f3mo un equipo legal comprometido puede marcar la diferencia en tu proceso.<\/strong><\/p>\n","protected":false},"excerpt":{"rendered":"<p>En el mundo del derecho, la colaboraci\u00f3n es mucho m\u00e1s que una estrategia: es una fortaleza. Las decisiones importantes no se toman en soledad, y los mejores resultados surgen cuando la experiencia y la empat\u00eda se unen con un prop\u00f3sito com\u00fan: defender la justicia y proteger los derechos de cada persona. En CEIPLA Legal valoramos [&hellip;]<\/p>\n","protected":false},"author":1,"featured_media":659,"comment_status":"open","ping_status":"open","sticky":false,"template":"","format":"standard","meta":{"footnotes":""},"categories":[2],"tags":[],"class_list":["post-721","post","type-post","status-publish","format-standard","has-post-thumbnail","hentry","category-uncategorized"],"blocksy_meta":{"styles_descriptor":{"styles":{"desktop":"","tablet":"","mobile":""},"google_fonts":[],"version":6}},"_links":{"self":[{"href":"https:\/\/legal.ceipla.org\/index.php\/wp-json\/wp\/v2\/posts\/721","targetHints":{"allow":["GET"]}}],"collection":[{"href":"https:\/\/legal.ceipla.org\/index.php\/wp-json\/wp\/v2\/posts"}],"about":[{"href":"https:\/\/legal.ceipla.org\/index.php\/wp-json\/wp\/v2\/types\/post"}],"author":[{"embeddable":true,"href":"https:\/\/legal.ceipla.org\/index.php\/wp-json\/wp\/v2\/users\/1"}],"replies":[{"embeddable":true,"href":"https:\/\/legal.ceipla.org\/index.php\/wp-json\/wp\/v2\/comments?post=721"}],"version-history":[{"count":1,"href":"https:\/\/legal.ceipla.org\/index.php\/wp-json\/wp\/v2\/posts\/721\/revisions"}],"predecessor-version":[{"id":874,"href":"https:\/\/legal.ceipla.org\/index.php\/wp-json\/wp\/v2\/posts\/721\/revisions\/874"}],"wp:featuredmedia":[{"embeddable":true,"href":"https:\/\/legal.ceipla.org\/index.php\/wp-json\/wp\/v2\/media\/659"}],"wp:attachment":[{"href":"https:\/\/legal.ceipla.org\/index.php\/wp-json\/wp\/v2\/media?parent=721"}],"wp:term":[{"taxonomy":"category","embeddable":true,"href":"https:\/\/legal.ceipla.org\/index.php\/wp-json\/wp\/v2\/categories?post=721"},{"taxonomy":"post_tag","embeddable":true,"href":"https:\/\/legal.ceipla.org\/index.php\/wp-json\/wp\/v2\/tags?post=721"}],"curies":[{"name":"wp","href":"https:\/\/api.w.org\/{rel}","templated":true}]}}